{"id":5544,"date":"2021-11-15T10:48:36","date_gmt":"2021-11-15T10:48:36","guid":{"rendered":"http:\/\/gbp.rojewo.pl\/?p=5544"},"modified":"2021-11-15T10:54:50","modified_gmt":"2021-11-15T10:54:50","slug":"swiatloczula-biblioteka","status":"publish","type":"post","link":"https:\/\/gbp.rojewo.pl\/?p=5544","title":{"rendered":"\u015awiat\u0142oczu\u0142a biblioteka"},"content":{"rendered":"<div class=\"entry\">\n<p><span style=\"font-family: book antiqua, palatino, serif;\"><span style=\"font-size: 20px;\">\u00a0\u00a0\u00a0\u00a0\u00a0\u00a0\u00a0\u00a0\u00a0\u00a0\u00a0\u00a0\u00a0\u00a0\u00a0\u00a0\u00a0\u00a0\u00a0\u00a0\u00a0\u00a0\u00a0\u00a0\u00a0\u00a0\u00a0\u00a0\u00a0\u00a0\u00a0\u00a0\u00a0\u00a0\u00a0\u00a0\u00a0\u00a0\u00a0\u00a0\u00a0\u00a0 Dnia12 listopada mieli\u015bmy niezwyk\u0142\u0105 okazj\u0119 go\u015bci\u0107 Polsk\u0119 \u015awiat\u0142oczu\u0142\u0105. Polska \u015awiat\u0142oczu\u0142a to unikatowy projekt filmowy zainicjowany w 2011 roku przez re\u017cyser Dorot\u0119 K\u0119dzierzawsk\u0105 i operatora Arthura Reinharta maj\u0105cy na celu promocj\u0119 kultury wy\u017cszej oraz w\u0142\u0105czanie w dyskusj\u0119 o filmie i sztuce mieszka\u0144c\u00f3w ma\u0142ych miejscowo\u015bci pozbawionych kin, z utrudnionym dost\u0119pem do kultury. Inicjatorem i koordynatorem wydarzenia by\u0142a p. Liliana Gapi\u0144ska-Ciechorska, kt\u00f3ra od kilku ju\u017c lat wsp\u00f3\u0142pracuje z autorami projektu. <\/span><br \/>\n<\/span><\/p>\n<div class=\"o9v6fnle cxmmr5t8 oygrvhab hcukyx3x c1et5uql ii04i59q\">\n<div dir=\"auto\"><span style=\"font-family: comic sans ms, sans-serif; font-size: 20px;\">\u00a0\u00a0\u00a0\u00a0\u00a0\u00a0\u00a0\u00a0\u00a0\u00a0\u00a0\u00a0\u00a0\u00a0\u00a0\u00a0\u00a0\u00a0\u00a0\u00a0\u00a0\u00a0\u00a0\u00a0\u00a0\u00a0\u00a0\u00a0\u00a0\u00a0\u00a0\u00a0\u00a0\u00a0\u00a0 Dorota K\u0119dzierzawska jest cenion\u0105 i wielokrotnie nagradzan\u0105 re\u017cyser. Przygod\u0119 z kinem rozpocz\u0119\u0142a w dzieci\u0144stwie, przygl\u0105daj\u0105c si\u0119 pracy ekipy filmowej. Z czasem sama zacz\u0119\u0142a uczestniczy\u0107 w realizacji film\u00f3w.<\/span><\/div>\n<\/div>\n<div class=\"o9v6fnle cxmmr5t8 oygrvhab hcukyx3x c1et5uql ii04i59q\">\n<div dir=\"auto\"><span style=\"font-family: comic sans ms, sans-serif; font-size: 20px;\">W latach 1976-78 studiowa\u0142a kulturoznawstwo na Uniwersytecie \u0141\u00f3dzkim, nast\u0119pnie re\u017cyseri\u0119 w moskiewskim WGiK i \u2013 w latach 1981-1985 \u2013 w \u0142\u00f3dzkiej PWSF,TViT, gdzie podczas studi\u00f3w nakr\u0119ci\u0142a m.in. sw\u00f3j pierwszy film fabularny. By\u0142a to dziesi\u0119ciominutowa etiuda Jajko (1982). Zdoby\u0142a za ni\u0105 m.in. nominacj\u0119 do Studenckiego Oscara (Oscar Student Academy Awards) w Los Angeles, pierwsz\u0105 Nagrod\u0119 na III Europejskim Studenckim Festiwalu Filmowym oraz Nagrod\u0119 im. Andrzeja Munka.<\/span><\/div>\n<\/div>\n<div class=\"o9v6fnle cxmmr5t8 oygrvhab hcukyx3x c1et5uql ii04i59q\">\n<div dir=\"auto\"><span style=\"font-family: comic sans ms, sans-serif; font-size: 20px;\">Realizacj\u0119 filmu Diab\u0142y, Diab\u0142y Dorota K\u0119dzierzawska poprzedzi\u0142a nakr\u0119ceniem \u015bredniometra\u017cowego filmu fabularnego Koniec \u015awiata (1988), za kt\u00f3ry na Mi\u0119dzynarodowym Festiwalu Filmowym w Mannheim otrzyma\u0142a m.in. Z\u0142oty Dukat oraz Nagrod\u0119 FIPRESCI. I tak za sw\u00f3j debiut w pe\u0142nym metra\u017cu \u2013 Diab\u0142y, Diab\u0142y (1991) \u2013 otrzyma\u0142a m.in. Nagrod\u0119 Specjaln\u0105 Jury za re\u017cyseri\u0119 na Festiwalu Polskich Film\u00f3w Fabularnych w Gdyni oraz wyr\u00f3\u017cnienie Jury M\u0142odzie\u017cowego na Mi\u0119dzynarodowym Festiwalu Filmowym w Cannes.<\/span><\/div>\n<\/div>\n<div class=\"o9v6fnle cxmmr5t8 oygrvhab hcukyx3x c1et5uql ii04i59q\">\n<div dir=\"auto\"><span style=\"font-family: comic sans ms, sans-serif; font-size: 20px;\">Spo\u015br\u00f3d ponad dwudziestu pi\u0119ciu trofe\u00f3w dla Wron (1994) \u2013 drugiego filmu K\u0119dzierzawskiej \u2013 jej osobi\u015bcie przypad\u0142y w udziale np. takie jak Nagroda Specjalna Jury, Nagroda Dziennikarzy i Nagroda Publiczno\u015bci \u2013 Z\u0142oty Klakier na Festiwalu Polskich Film\u00f3w Fabularnych w Gdyni, Grand Prix \u2013 Pozna\u0144skie Z\u0142ote Kozio\u0142ki w konkursie mi\u0119dzynarodowym Festiwalu Film\u00f3w dla Dzieci i M\u0142odzie\u017cy, Nagroda UNICEF na Mi\u0119dzynarodowym Festiwalu Filmowym w Berlinie, Grand Prix na Mi\u0119dzynarodowym Festiwalu Filmowym w Belfa\u015bcie oraz Nagroda Mi\u0119dzynarodowej Federacji Kin Studyjnych na festiwalu w Avignon.<\/span><\/div>\n<\/div>\n<div class=\"o9v6fnle cxmmr5t8 oygrvhab hcukyx3x c1et5uql ii04i59q\">\n<div dir=\"auto\"><span style=\"font-family: comic sans ms, sans-serif; font-size: 20px;\">Deszcz nagr\u00f3d i wyr\u00f3\u017cnie\u0144 spad\u0142 te\u017c na trzeci fabularny obraz autorki Jestem, zatytu\u0142owany niemniej intryguj\u0105co: Nic. Wymie\u0144my cho\u0107by Or\u0142a \u2013 Polsk\u0105 Nagrod\u0119 Filmow\u0105 za rok 1998, kt\u00f3r\u0105 to \u017cywo przyj\u0119te przez krytyk\u0119 i publiczno\u015b\u0107 dzie\u0142o otrzyma\u0142o w kategorii \u201eNajlepsza re\u017cyseria\u201d, Nagrod\u0119 Specjaln\u0105 Jury na Mi\u0119dzynarodowym Festiwalu Filmowym w Gdyni, Nagrod\u0119 Specjaln\u0105 Jury i Nagrod\u0119 FIPRESCI na Mi\u0119dzynarodowym Festiwalu Filmowym w Soczi oraz Nagrod\u0119 im. Krzysztofa Kie\u015blowskiego na Festiwalu Filmowym w Denver.<\/span><\/div>\n<\/div>\n<div class=\"o9v6fnle cxmmr5t8 oygrvhab hcukyx3x c1et5uql ii04i59q\">\n<div dir=\"auto\"><span style=\"font-family: comic sans ms, sans-serif; font-size: 20px;\">\u0179r\u00f3d\u0142o: WP film.<\/span><\/div>\n<\/div>\n<p>&nbsp;<\/p>\n<p><img loading=\"lazy\" decoding=\"async\" class=\"wp-image-5548 alignright\" src=\"http:\/\/gbp.rojewo.pl\/wp-content\/uploads\/2021\/11\/fbfdbfdbfb.jpg\" alt=\"\" width=\"453\" height=\"265\" \/><\/p>\n<p>&nbsp;<\/p>\n<p style=\"text-align: center;\"><span style=\"font-size: 20px; font-family: book antiqua, palatino, serif;\">Dorota K\u0119dzierzawska zaprezentowa\u0142a film &#8222;\u017bu\u017cel&#8221;. <\/span><\/p>\n<p style=\"text-align: center;\"><span style=\"font-size: 20px; font-family: book antiqua, palatino, serif;\">Tematyka filmu by\u0142a doskona\u0142\u0105 okazj\u0105 do przedstawienia postaci Mariana Kwarci\u0144skiego, \u017cu\u017clowca pochodz\u0105cego z Rojewa, <\/span><\/p>\n<p style=\"text-align: center;\"><span style=\"font-size: 20px; font-family: book antiqua, palatino, serif;\">kt\u00f3ry w latach 50-tych, 60-tych i 70-tych \u015bwi\u0119ci\u0142 sukcesy w\u0142a\u015bnie w tym sporcie. <\/span><\/p>\n<p>&nbsp;<\/p>\n<p>&nbsp;<\/p>\n<p>&nbsp;<\/p>\n<p>&nbsp;<\/p>\n<div style=\"width: 1920px;\" class=\"wp-video\"><!--[if lt IE 9]><script>document.createElement('video');<\/script><![endif]-->\n<video class=\"wp-video-shortcode\" id=\"video-5544-1\" width=\"1920\" height=\"1080\" preload=\"metadata\" controls=\"controls\"><source type=\"video\/mp4\" src=\"http:\/\/gbp.rojewo.pl\/wp-content\/uploads\/2021\/11\/Polska-swiatloczula.mp4?_=1\" \/><a href=\"http:\/\/gbp.rojewo.pl\/wp-content\/uploads\/2021\/11\/Polska-swiatloczula.mp4\">http:\/\/gbp.rojewo.pl\/wp-content\/uploads\/2021\/11\/Polska-swiatloczula.mp4<\/a><\/video><\/div>\n<p>&nbsp;<\/p>\n<p style=\"text-align: center;\">Dzi\u0119kujemy<\/p>\n<p style=\"text-align: center;\">p.Lilianie Gapi\u0144skiej-Ciechorskiej,<\/p>\n<p style=\"text-align: center;\">SZOiK w Rojewie<\/p>\n<p style=\"text-align: center;\">oraz<\/p>\n<p style=\"text-align: center;\">Stowarzyszeniu Mi\u0142o\u015bnik\u00f3w Kultury Kujawskiej &#8222;Sami Swoi&#8221;<\/p>\n<p style=\"text-align: center;\">\u00a0 za pomoc w organizacji wydarzenia.<\/p>\n<p>&nbsp;<\/p>\n<\/div>\n","protected":false},"excerpt":{"rendered":"<p>\u00a0\u00a0\u00a0\u00a0\u00a0\u00a0\u00a0\u00a0\u00a0\u00a0\u00a0\u00a0\u00a0\u00a0\u00a0\u00a0\u00a0\u00a0\u00a0\u00a0\u00a0\u00a0\u00a0\u00a0\u00a0\u00a0\u00a0\u00a0\u00a0\u00a0\u00a0\u00a0\u00a0\u00a0\u00a0\u00a0\u00a0\u00a0\u00a0\u00a0\u00a0\u00a0 Dnia12 listopada mieli\u015bmy niezwyk\u0142\u0105 okazj\u0119 go\u015bci\u0107 Polsk\u0119 \u015awiat\u0142oczu\u0142\u0105. Polska \u015awiat\u0142oczu\u0142a to unikatowy projekt filmowy zainicjowany w 2011 roku przez re\u017cyser Dorot\u0119 K\u0119dzierzawsk\u0105 i operatora Arthura Reinharta maj\u0105cy na celu promocj\u0119 kultury wy\u017cszej oraz w\u0142\u0105czanie w dyskusj\u0119 o filmie i sztuce mieszka\u0144c\u00f3w ma\u0142ych miejscowo\u015bci pozbawionych kin, z utrudnionym dost\u0119pem do kultury. Inicjatorem i koordynatorem wydarzenia &#8230;<\/p>\n","protected":false},"author":3,"featured_media":5550,"comment_status":"closed","ping_status":"closed","sticky":false,"template":"","format":"standard","meta":{"footnotes":""},"categories":[3,7,6,8,9],"tags":[],"class_list":{"0":"post-5544","1":"post","2":"type-post","3":"status-publish","4":"format-standard","5":"has-post-thumbnail","7":"category-aktualnosci","8":"category-filia-w-jezuickiej-strudze","9":"category-filia-w-rojewicach","10":"category-oddzial-dla-dzieci-w-rojewie","11":"category-wypozyczalnia-dla-doroslych-z-czytelnia","12":"anons"},"_links":{"self":[{"href":"https:\/\/gbp.rojewo.pl\/index.php?rest_route=\/wp\/v2\/posts\/5544","targetHints":{"allow":["GET"]}}],"collection":[{"href":"https:\/\/gbp.rojewo.pl\/index.php?rest_route=\/wp\/v2\/posts"}],"about":[{"href":"https:\/\/gbp.rojewo.pl\/index.php?rest_route=\/wp\/v2\/types\/post"}],"author":[{"embeddable":true,"href":"https:\/\/gbp.rojewo.pl\/index.php?rest_route=\/wp\/v2\/users\/3"}],"replies":[{"embeddable":true,"href":"https:\/\/gbp.rojewo.pl\/index.php?rest_route=%2Fwp%2Fv2%2Fcomments&post=5544"}],"version-history":[{"count":1,"href":"https:\/\/gbp.rojewo.pl\/index.php?rest_route=\/wp\/v2\/posts\/5544\/revisions"}],"predecessor-version":[{"id":5549,"href":"https:\/\/gbp.rojewo.pl\/index.php?rest_route=\/wp\/v2\/posts\/5544\/revisions\/5549"}],"wp:featuredmedia":[{"embeddable":true,"href":"https:\/\/gbp.rojewo.pl\/index.php?rest_route=\/wp\/v2\/media\/5550"}],"wp:attachment":[{"href":"https:\/\/gbp.rojewo.pl\/index.php?rest_route=%2Fwp%2Fv2%2Fmedia&parent=5544"}],"wp:term":[{"taxonomy":"category","embeddable":true,"href":"https:\/\/gbp.rojewo.pl\/index.php?rest_route=%2Fwp%2Fv2%2Fcategories&post=5544"},{"taxonomy":"post_tag","embeddable":true,"href":"https:\/\/gbp.rojewo.pl\/index.php?rest_route=%2Fwp%2Fv2%2Ftags&post=5544"}],"curies":[{"name":"wp","href":"https:\/\/api.w.org\/{rel}","templated":true}]}}