{"id":5381,"date":"2021-09-09T07:44:00","date_gmt":"2021-09-09T07:44:00","guid":{"rendered":"http:\/\/gbp.rojewo.pl\/?p=5381"},"modified":"2021-09-09T08:56:59","modified_gmt":"2021-09-09T08:56:59","slug":"5381","status":"publish","type":"post","link":"https:\/\/gbp.rojewo.pl\/?p=5381","title":{"rendered":"Nowi Czytelnicy Oddzia\u0142u dla Dzieci i M\u0142odzie\u017cy"},"content":{"rendered":"<div class=\"entry\">\n<p style=\"text-align: center;\">Mi\u0142o mam przedstawi\u0107 kolejnych m\u0142odych czytelnik\u00f3w, kt\u00f3rzy zapisuj\u0105c si\u0119 do naszej Biblioteki<\/p>\n<p style=\"text-align: center;\">rozpocz\u0119li przygod\u0119 z projektem Instytutu Ksi\u0105\u017cki<\/p>\n<p style=\"text-align: center;\">\u00a0 &#8222;Ma\u0142a ksi\u0105\u017cka wielki cz\u0142owiek&#8221;!<\/p>\n<p>&nbsp;<\/p>\n<p>&nbsp;<\/p>\n<p>&nbsp;<\/p>\n<p>Mama\u00a0 Wojtusia i Stasia zadba\u0142a, \u017ceby ch\u0142opcy nie nudzili si\u0119 w wakacje i ju\u017c od kilku tygodni aktywnie uczestnicz\u0105 w projekcie.<\/p>\n<p><img loading=\"lazy\" decoding=\"async\" class=\"size-medium wp-image-5382 alignright\" src=\"http:\/\/gbp.rojewo.pl\/wp-content\/uploads\/2021\/09\/20210301_155401-300x146.jpg\" alt=\"\" width=\"300\" height=\"146\" srcset=\"https:\/\/gbp.rojewo.pl\/wp-content\/uploads\/2021\/09\/20210301_155401-300x146.jpg 300w, https:\/\/gbp.rojewo.pl\/wp-content\/uploads\/2021\/09\/20210301_155401-1024x498.jpg 1024w, https:\/\/gbp.rojewo.pl\/wp-content\/uploads\/2021\/09\/20210301_155401-768x373.jpg 768w, https:\/\/gbp.rojewo.pl\/wp-content\/uploads\/2021\/09\/20210301_155401-1536x746.jpg 1536w, https:\/\/gbp.rojewo.pl\/wp-content\/uploads\/2021\/09\/20210301_155401-2048x995.jpg 2048w\" sizes=\"auto, (max-width: 300px) 100vw, 300px\" \/><\/p>\n<p>&nbsp;<\/p>\n<p>&nbsp;<\/p>\n<p>&nbsp;<\/p>\n<p>&nbsp;<\/p>\n<p>&nbsp;<\/p>\n<p><img loading=\"lazy\" decoding=\"async\" class=\"size-medium wp-image-5383 alignleft\" src=\"http:\/\/gbp.rojewo.pl\/wp-content\/uploads\/2021\/09\/20210908_124926-300x146.jpg\" alt=\"\" width=\"300\" height=\"146\" srcset=\"https:\/\/gbp.rojewo.pl\/wp-content\/uploads\/2021\/09\/20210908_124926-300x146.jpg 300w, https:\/\/gbp.rojewo.pl\/wp-content\/uploads\/2021\/09\/20210908_124926-1024x498.jpg 1024w, https:\/\/gbp.rojewo.pl\/wp-content\/uploads\/2021\/09\/20210908_124926-768x373.jpg 768w, https:\/\/gbp.rojewo.pl\/wp-content\/uploads\/2021\/09\/20210908_124926-1536x746.jpg 1536w, https:\/\/gbp.rojewo.pl\/wp-content\/uploads\/2021\/09\/20210908_124926-2048x995.jpg 2048w\" sizes=\"auto, (max-width: 300px) 100vw, 300px\" \/><\/p>\n<p>Starszy brat Radek wraz z mam\u0105 towarzyszyli Igorkowi podczas wr\u0119czania Wyprawki Czytelniczej.<\/p>\n<p>&nbsp;<\/p>\n<p>&nbsp;<\/p>\n<p>&nbsp;<\/p>\n<p>&nbsp;<\/p>\n<p>Mama\u00a0 Wojtusia i Stasia zadba\u0142a, \u017ceby ch\u0142opcy nie nudzili si\u0119 w wakacje i ju\u017c od kilku tygodni aktywnie uczestnicz\u0105 w projekcie.<\/p>\n<p><img loading=\"lazy\" decoding=\"async\" class=\"size-medium wp-image-5382 alignright\" src=\"http:\/\/gbp.rojewo.pl\/wp-content\/uploads\/2021\/09\/20210301_155401-300x146.jpg\" alt=\"\" width=\"300\" height=\"146\" srcset=\"https:\/\/gbp.rojewo.pl\/wp-content\/uploads\/2021\/09\/20210301_155401-300x146.jpg 300w, https:\/\/gbp.rojewo.pl\/wp-content\/uploads\/2021\/09\/20210301_155401-1024x498.jpg 1024w, https:\/\/gbp.rojewo.pl\/wp-content\/uploads\/2021\/09\/20210301_155401-768x373.jpg 768w, https:\/\/gbp.rojewo.pl\/wp-content\/uploads\/2021\/09\/20210301_155401-1536x746.jpg 1536w, https:\/\/gbp.rojewo.pl\/wp-content\/uploads\/2021\/09\/20210301_155401-2048x995.jpg 2048w\" sizes=\"auto, (max-width: 300px) 100vw, 300px\" \/><\/p>\n<p>&nbsp;<\/p>\n<p>&nbsp;<\/p>\n<p>&nbsp;<\/p>\n<p>&nbsp;<\/p>\n<p>&nbsp;<\/p>\n<p><img loading=\"lazy\" decoding=\"async\" class=\"size-medium wp-image-5383 alignleft\" src=\"http:\/\/gbp.rojewo.pl\/wp-content\/uploads\/2021\/09\/20210908_124926-300x146.jpg\" alt=\"\" width=\"300\" height=\"146\" srcset=\"https:\/\/gbp.rojewo.pl\/wp-content\/uploads\/2021\/09\/20210908_124926-300x146.jpg 300w, https:\/\/gbp.rojewo.pl\/wp-content\/uploads\/2021\/09\/20210908_124926-1024x498.jpg 1024w, https:\/\/gbp.rojewo.pl\/wp-content\/uploads\/2021\/09\/20210908_124926-768x373.jpg 768w, https:\/\/gbp.rojewo.pl\/wp-content\/uploads\/2021\/09\/20210908_124926-1536x746.jpg 1536w, https:\/\/gbp.rojewo.pl\/wp-content\/uploads\/2021\/09\/20210908_124926-2048x995.jpg 2048w\" sizes=\"auto, (max-width: 300px) 100vw, 300px\" \/><\/p>\n<p>Starszy brat Radek wraz z mam\u0105 towarzyszyli Igorkowi podczas wr\u0119czania Wyprawki Czytelniczej.<\/p>\n<p>&nbsp;<\/p>\n<p>&nbsp;<\/p>\n<p>&nbsp;<\/p>\n<p>&nbsp;<\/p>\n<p><b>Przy okazji nowego roku szkolnego przypominamy Rodzicom zasady projektu:<br \/>\n<\/b><\/p>\n<p>Projekt dla <b>dzieci w wieku przedszkolnym<\/b> realizowany jest w ramach og\u00f3lnopolskiej kampanii \u201eMa\u0142a ksi\u0105\u017cka &#8211; wielki cz\u0142owiek\u201d we wsp\u00f3\u0142pracy z bibliotekami publicznymi. Akcja ma zach\u0119ci\u0107 rodzic\u00f3w do odwiedzania bibliotek i codziennego czytania z dzieckiem. Ka\u017cde dziecko w wieku przedszkolnym, kt\u00f3re przyjdzie do biblioteki bior\u0105cej udzia\u0142 w projekcie, otrzyma w prezencie wyj\u0105tkow\u0105 <b>Wyprawk\u0119 Czytelnicz\u0105<\/b> na dobry czytelniczy start.<\/p>\n<p>W Wyprawce dzieci znajd\u0105 wyj\u0105tkow\u0105 ksi\u0105\u017ck\u0119 <b>\u201ePierwsze czytanki dla\u2026\u201d<\/b>, dostosowan\u0105 pod wzgl\u0119dem formy i tre\u015bci do potrzeb przedszkolaka i spe\u0142niaj\u0105c\u0105 najwy\u017csze standardy w projektowaniu pi\u0119knych i m\u0105drych ksi\u0105\u017cek dla najm\u0142odszych, a tak\u017ce <b>Kart\u0119 Ma\u0142ego Czytelnika<\/b>. Za ka\u017cd\u0105 wizyt\u0119 w bibliotece, zako\u0144czon\u0105 wypo\u017cyczeniem minimum jednej ksi\u0105\u017cki z ksi\u0119gozbioru dzieci\u0119cego, Ma\u0142y Czytelnik otrzyma <b>naklejk\u0119<\/b>, a po zebraniu dziesi\u0119ciu zostanie uhonorowany <b>imiennym dyplomem<\/b> potwierdzaj\u0105cym jego czytelnicze zainteresowania. Dzi\u0119ki akcji dziecko pozna wa\u017cne miejsce na czytelniczej mapie dzieci\u0144stwa (bibliotek\u0119) i zostanie pe\u0142noprawnym uczestnikiem \u017cycia kulturalnego.<\/p>\n<\/div>\n","protected":false},"excerpt":{"rendered":"<p>Mi\u0142o mam przedstawi\u0107 kolejnych m\u0142odych czytelnik\u00f3w, kt\u00f3rzy zapisuj\u0105c si\u0119 do naszej Biblioteki rozpocz\u0119li przygod\u0119 z projektem Instytutu Ksi\u0105\u017cki \u00a0 &#8222;Ma\u0142a ksi\u0105\u017cka wielki cz\u0142owiek&#8221;! &nbsp; &nbsp; &nbsp; Mama\u00a0 Wojtusia i Stasia zadba\u0142a, \u017ceby ch\u0142opcy nie nudzili si\u0119 w wakacje i ju\u017c od kilku tygodni aktywnie uczestnicz\u0105 w projekcie. &nbsp; &nbsp; &nbsp; &nbsp; &nbsp; Starszy brat Radek &#8230;<\/p>\n","protected":false},"author":3,"featured_media":5384,"comment_status":"closed","ping_status":"closed","sticky":false,"template":"","format":"standard","meta":{"footnotes":""},"categories":[3,8],"tags":[],"class_list":{"0":"post-5381","1":"post","2":"type-post","3":"status-publish","4":"format-standard","5":"has-post-thumbnail","7":"category-aktualnosci","8":"category-oddzial-dla-dzieci-w-rojewie","9":"anons"},"_links":{"self":[{"href":"https:\/\/gbp.rojewo.pl\/index.php?rest_route=\/wp\/v2\/posts\/5381","targetHints":{"allow":["GET"]}}],"collection":[{"href":"https:\/\/gbp.rojewo.pl\/index.php?rest_route=\/wp\/v2\/posts"}],"about":[{"href":"https:\/\/gbp.rojewo.pl\/index.php?rest_route=\/wp\/v2\/types\/post"}],"author":[{"embeddable":true,"href":"https:\/\/gbp.rojewo.pl\/index.php?rest_route=\/wp\/v2\/users\/3"}],"replies":[{"embeddable":true,"href":"https:\/\/gbp.rojewo.pl\/index.php?rest_route=%2Fwp%2Fv2%2Fcomments&post=5381"}],"version-history":[{"count":5,"href":"https:\/\/gbp.rojewo.pl\/index.php?rest_route=\/wp\/v2\/posts\/5381\/revisions"}],"predecessor-version":[{"id":5389,"href":"https:\/\/gbp.rojewo.pl\/index.php?rest_route=\/wp\/v2\/posts\/5381\/revisions\/5389"}],"wp:featuredmedia":[{"embeddable":true,"href":"https:\/\/gbp.rojewo.pl\/index.php?rest_route=\/wp\/v2\/media\/5384"}],"wp:attachment":[{"href":"https:\/\/gbp.rojewo.pl\/index.php?rest_route=%2Fwp%2Fv2%2Fmedia&parent=5381"}],"wp:term":[{"taxonomy":"category","embeddable":true,"href":"https:\/\/gbp.rojewo.pl\/index.php?rest_route=%2Fwp%2Fv2%2Fcategories&post=5381"},{"taxonomy":"post_tag","embeddable":true,"href":"https:\/\/gbp.rojewo.pl\/index.php?rest_route=%2Fwp%2Fv2%2Ftags&post=5381"}],"curies":[{"name":"wp","href":"https:\/\/api.w.org\/{rel}","templated":true}]}}