{"id":5278,"date":"2021-07-07T08:51:32","date_gmt":"2021-07-07T08:51:32","guid":{"rendered":"http:\/\/gbp.rojewo.pl\/?p=5278"},"modified":"2021-07-07T08:51:32","modified_gmt":"2021-07-07T08:51:32","slug":"swiatowy-dzien-czekolady","status":"publish","type":"post","link":"https:\/\/gbp.rojewo.pl\/?p=5278","title":{"rendered":"\u015awiatowy Dzie\u0144 Czekolady"},"content":{"rendered":"<div class=\"entry\">\n<p style=\"text-align: center;\"><span style=\"font-family: comic sans ms, sans-serif; font-size: 20px; color: #993300;\">7 lipca uznany jest za \u015awiatowy Dzie\u0144 Czekolady !<\/span><\/p>\n<p style=\"text-align: center;\"><span style=\"font-family: comic sans ms, sans-serif; font-size: 20px; color: #993300;\">Zapraszamy dzieci i m\u0142odzie\u017c do Biblioteki, gdzie czeka na nich Willy Wonka i jego &#8222;Fabryka czekolady&#8221;, <\/span><\/p>\n<p style=\"text-align: center;\"><span style=\"font-family: comic sans ms, sans-serif; font-size: 20px; color: #993300;\">w ksi\u0105\u017cce autorstwa R. Dahl&#8217;a !<\/span><\/p>\n<p><img loading=\"lazy\" decoding=\"async\" class=\"alignnone size-medium wp-image-5279 aligncenter\" src=\"http:\/\/gbp.rojewo.pl\/wp-content\/uploads\/2021\/07\/56bab54b50bfd-199x300.jpg\" alt=\"\" width=\"199\" height=\"300\" srcset=\"https:\/\/gbp.rojewo.pl\/wp-content\/uploads\/2021\/07\/56bab54b50bfd-199x300.jpg 199w, https:\/\/gbp.rojewo.pl\/wp-content\/uploads\/2021\/07\/56bab54b50bfd.jpg 300w\" sizes=\"auto, (max-width: 199px) 100vw, 199px\" \/><\/p>\n<\/div>\n","protected":false},"excerpt":{"rendered":"<p>7 lipca uznany jest za \u015awiatowy Dzie\u0144 Czekolady ! Zapraszamy dzieci i m\u0142odzie\u017c do Biblioteki, gdzie czeka na nich Willy Wonka i jego &#8222;Fabryka czekolady&#8221;, w ksi\u0105\u017cce autorstwa R. Dahl&#8217;a !<\/p>\n","protected":false},"author":3,"featured_media":5279,"comment_status":"closed","ping_status":"closed","sticky":false,"template":"","format":"standard","meta":{"footnotes":""},"categories":[3,7,6,8],"tags":[],"class_list":{"0":"post-5278","1":"post","2":"type-post","3":"status-publish","4":"format-standard","5":"has-post-thumbnail","7":"category-aktualnosci","8":"category-filia-w-jezuickiej-strudze","9":"category-filia-w-rojewicach","10":"category-oddzial-dla-dzieci-w-rojewie","11":"anons"},"_links":{"self":[{"href":"https:\/\/gbp.rojewo.pl\/index.php?rest_route=\/wp\/v2\/posts\/5278","targetHints":{"allow":["GET"]}}],"collection":[{"href":"https:\/\/gbp.rojewo.pl\/index.php?rest_route=\/wp\/v2\/posts"}],"about":[{"href":"https:\/\/gbp.rojewo.pl\/index.php?rest_route=\/wp\/v2\/types\/post"}],"author":[{"embeddable":true,"href":"https:\/\/gbp.rojewo.pl\/index.php?rest_route=\/wp\/v2\/users\/3"}],"replies":[{"embeddable":true,"href":"https:\/\/gbp.rojewo.pl\/index.php?rest_route=%2Fwp%2Fv2%2Fcomments&post=5278"}],"version-history":[{"count":1,"href":"https:\/\/gbp.rojewo.pl\/index.php?rest_route=\/wp\/v2\/posts\/5278\/revisions"}],"predecessor-version":[{"id":5280,"href":"https:\/\/gbp.rojewo.pl\/index.php?rest_route=\/wp\/v2\/posts\/5278\/revisions\/5280"}],"wp:featuredmedia":[{"embeddable":true,"href":"https:\/\/gbp.rojewo.pl\/index.php?rest_route=\/wp\/v2\/media\/5279"}],"wp:attachment":[{"href":"https:\/\/gbp.rojewo.pl\/index.php?rest_route=%2Fwp%2Fv2%2Fmedia&parent=5278"}],"wp:term":[{"taxonomy":"category","embeddable":true,"href":"https:\/\/gbp.rojewo.pl\/index.php?rest_route=%2Fwp%2Fv2%2Fcategories&post=5278"},{"taxonomy":"post_tag","embeddable":true,"href":"https:\/\/gbp.rojewo.pl\/index.php?rest_route=%2Fwp%2Fv2%2Ftags&post=5278"}],"curies":[{"name":"wp","href":"https:\/\/api.w.org\/{rel}","templated":true}]}}