{"id":5056,"date":"2021-04-20T13:02:44","date_gmt":"2021-04-20T13:02:44","guid":{"rendered":"http:\/\/gbp.rojewo.pl\/?p=5056"},"modified":"2021-04-20T13:02:44","modified_gmt":"2021-04-20T13:02:44","slug":"konkurs-kartka-dla-bibliotekarza","status":"publish","type":"post","link":"https:\/\/gbp.rojewo.pl\/?p=5056","title":{"rendered":"Konkurs &#8222;Kartka dla Bibliotekarza&#8221;"},"content":{"rendered":"<div class=\"entry\">\n<p>&nbsp;<\/p>\n<p style=\"text-align: center;\"><strong>K<img loading=\"lazy\" decoding=\"async\" class=\"size-medium wp-image-5057 alignleft\" src=\"http:\/\/gbp.rojewo.pl\/wp-content\/uploads\/2021\/04\/unnamed-300x251.png\" alt=\"\" width=\"300\" height=\"251\" srcset=\"https:\/\/gbp.rojewo.pl\/wp-content\/uploads\/2021\/04\/unnamed-300x251.png 300w, https:\/\/gbp.rojewo.pl\/wp-content\/uploads\/2021\/04\/unnamed.png 512w\" sizes=\"auto, (max-width: 300px) 100vw, 300px\" \/>onkurs \u201eKARTKA DLA BIBLIOTEKARZA\u201d<\/strong><\/p>\n<p>&nbsp;<\/p>\n<p>&nbsp;<\/p>\n<p>Kochani, 8 maja obchodzimy Dzie\u0144 Bibliotekarza i Bibliotek, a tym samym rozpoczynamy r\u00f3wnie\u017c Tydzie\u0144 Bibliotek,<\/p>\n<p>kt\u00f3ry b\u0119dzie trwa\u0142 do 15 maja. Niestety ze wzgl\u0119du na stan epidemiologiczny nie mo\u017cemy \u015bwi\u0119towa\u0107 w spos\u00f3b tradycyjny.<\/p>\n<p>Bardzo by\u0142oby mi mi\u0142o, gdyby\u015bcie chcieli by\u0107 w tym pi\u0119knym dniu z nami. Z tej okazji Gminna Biblioteka Publiczna w Rojewie, Filia w Rojewicach og\u0142asza konkurs:<\/p>\n<p>&nbsp;<\/p>\n<p style=\"text-align: center;\"><span style=\"font-family: comic sans ms, sans-serif; font-size: 24px;\"><strong>\u201eKartka dla Bibliotekarza\u201d.<\/strong><\/span><\/p>\n<p>Zadaniem uczestnik\u00f3w konkursu jest wykonanie kartki okoliczno\u015bciowej. Mo\u017cecie zrobi\u0107 j\u0105 w dowolny spos\u00f3b: malowanie, rysowanie, wyklejanie, wydzieranie itp. Mo\u017cliwo\u015bci jest naprawd\u0119 wiele. Dodatkowym atutem b\u0119d\u0105 napisane przez Was \u017cyczenia.<\/p>\n<p>Gotowe prace powinny by\u0107 podpisane: imi\u0119, nazwisko, klasa i szko\u0142a,\u00a0 do kt\u00f3rej ucz\u0119szczacie oraz wys\u0142ane na poczt\u0119 e-mail\u00a0 <u>biblioteka.rojewice@op.pl.\u00a0<\/u><\/p>\n<p style=\"text-align: center;\"><u> Rozstrzygni\u0119cie konkursu nast\u0105pi 20 maja 2021r.<br \/>\n<\/u><\/p>\n<p>Konkurs b\u0119dzie rozstrzygni\u0119ty w dw\u00f3ch kategoriach wiekowych:<\/p>\n<ul>\n<li>Odzia\u0142 przedszkolny i klasy I-III,<\/li>\n<li>Klasy IV-VIII.<\/li>\n<\/ul>\n<p>&nbsp;<\/p>\n<p>W ka\u017cdej grupie wiekowej przyznawane b\u0119d\u0105 nagrody i dyplomy za zdobycie I, II i III miejsca.<\/p>\n<p>&nbsp;<\/p>\n<p>&nbsp;<\/p>\n<p style=\"text-align: center;\"><strong><em><span style=\"font-size: 24px;\">Zapraszam wszystkich ch\u0119tnych do zabawy!<\/span><\/em><\/strong><\/p>\n<\/div>\n","protected":false},"excerpt":{"rendered":"<p>&nbsp; Konkurs \u201eKARTKA DLA BIBLIOTEKARZA\u201d &nbsp; &nbsp; Kochani, 8 maja obchodzimy Dzie\u0144 Bibliotekarza i Bibliotek, a tym samym rozpoczynamy r\u00f3wnie\u017c Tydzie\u0144 Bibliotek, kt\u00f3ry b\u0119dzie trwa\u0142 do 15 maja. Niestety ze wzgl\u0119du na stan epidemiologiczny nie mo\u017cemy \u015bwi\u0119towa\u0107 w spos\u00f3b tradycyjny. Bardzo by\u0142oby mi mi\u0142o, gdyby\u015bcie chcieli by\u0107 w tym pi\u0119knym dniu z nami. Z tej &#8230;<\/p>\n","protected":false},"author":3,"featured_media":5057,"comment_status":"closed","ping_status":"closed","sticky":false,"template":"","format":"standard","meta":{"footnotes":""},"categories":[3,6],"tags":[],"class_list":{"0":"post-5056","1":"post","2":"type-post","3":"status-publish","4":"format-standard","5":"has-post-thumbnail","7":"category-aktualnosci","8":"category-filia-w-rojewicach","9":"anons"},"_links":{"self":[{"href":"https:\/\/gbp.rojewo.pl\/index.php?rest_route=\/wp\/v2\/posts\/5056","targetHints":{"allow":["GET"]}}],"collection":[{"href":"https:\/\/gbp.rojewo.pl\/index.php?rest_route=\/wp\/v2\/posts"}],"about":[{"href":"https:\/\/gbp.rojewo.pl\/index.php?rest_route=\/wp\/v2\/types\/post"}],"author":[{"embeddable":true,"href":"https:\/\/gbp.rojewo.pl\/index.php?rest_route=\/wp\/v2\/users\/3"}],"replies":[{"embeddable":true,"href":"https:\/\/gbp.rojewo.pl\/index.php?rest_route=%2Fwp%2Fv2%2Fcomments&post=5056"}],"version-history":[{"count":1,"href":"https:\/\/gbp.rojewo.pl\/index.php?rest_route=\/wp\/v2\/posts\/5056\/revisions"}],"predecessor-version":[{"id":5058,"href":"https:\/\/gbp.rojewo.pl\/index.php?rest_route=\/wp\/v2\/posts\/5056\/revisions\/5058"}],"wp:featuredmedia":[{"embeddable":true,"href":"https:\/\/gbp.rojewo.pl\/index.php?rest_route=\/wp\/v2\/media\/5057"}],"wp:attachment":[{"href":"https:\/\/gbp.rojewo.pl\/index.php?rest_route=%2Fwp%2Fv2%2Fmedia&parent=5056"}],"wp:term":[{"taxonomy":"category","embeddable":true,"href":"https:\/\/gbp.rojewo.pl\/index.php?rest_route=%2Fwp%2Fv2%2Fcategories&post=5056"},{"taxonomy":"post_tag","embeddable":true,"href":"https:\/\/gbp.rojewo.pl\/index.php?rest_route=%2Fwp%2Fv2%2Ftags&post=5056"}],"curies":[{"name":"wp","href":"https:\/\/api.w.org\/{rel}","templated":true}]}}