{"id":5010,"date":"2021-04-02T06:17:01","date_gmt":"2021-04-02T06:17:01","guid":{"rendered":"http:\/\/gbp.rojewo.pl\/?p=5010"},"modified":"2021-04-02T06:17:01","modified_gmt":"2021-04-02T06:17:01","slug":"miedzynarodowy-dzien-ksiazki-dla-dzieci-rozpocznijmy-kwiecien-z-andersenem","status":"publish","type":"post","link":"https:\/\/gbp.rojewo.pl\/?p=5010","title":{"rendered":"Mi\u0119dzynarodowy Dzie\u0144 Ksi\u0105\u017cki dla Dzieci &#8211; &#8222;Rozpocznijmy kwiecie\u0144 z Andersenem&#8221;"},"content":{"rendered":"<div class=\"entry\">\n<p>&nbsp;<\/p>\n<p style=\"text-align: center;\"><span style=\"font-family: 'comic sans ms', sans-serif; font-size: 24px; color: #00ff00;\"><strong>Mi\u0119dzynarodowy Dzie\u0144 Ksi\u0105\u017cki dla Dzieci<\/strong><\/span><\/p>\n<p>&nbsp;<\/p>\n<p style=\"text-align: center;\"><span style=\"font-family: 'comic sans ms', sans-serif; font-size: 24px;\"><strong>\u015awi\u0119to to obchodzone jest w rocznic\u0119 urodzin niezr\u00f3wnanego du\u0144skiego ba\u015bniopisarza<\/strong><\/span><\/p>\n<p style=\"text-align: center;\"><span style=\"font-family: 'comic sans ms', sans-serif; font-size: 24px;\"><strong>\u00a0Hansa Christiana Andersena\u00a0\u00a0(1805-1875).<\/strong><\/span><\/p>\n<p>&nbsp;<\/p>\n<p style=\"text-align: center;\"><span style=\"font-family: 'comic sans ms', sans-serif; font-size: 24px;\"><strong>Zorganizowali\u015bmy tego dnia niezwyk\u0142e spotkanie czytelnicze \u2013 \u201eRozpocznijmy kwiecie\u0144 z Andersenem\u201d.<\/strong><\/span><\/p>\n<p>&nbsp;<\/p>\n<p style=\"text-align: center;\"><span style=\"font-family: 'comic sans ms', sans-serif; font-size: 24px;\"><strong>St\u0119skniona za swoimi uczniami Pani Jadwiga Florczak,\u00a0<\/strong><\/span><\/p>\n<p style=\"text-align: center;\"><span style=\"font-family: 'comic sans ms', sans-serif; font-size: 24px;\"><strong> Dyrektor Zespo\u0142u Szkolno-Przedszkolnego w Rojewie w towarzystwie wnuczki Bereniki,<\/strong><\/span><\/p>\n<p style=\"text-align: center;\"><span style=\"font-family: 'comic sans ms', sans-serif; font-size: 24px;\"><strong>czyta bajki H.Ch.Andersena. <\/strong><\/span><\/p>\n<p style=\"text-align: center;\"><span style=\"font-family: 'comic sans ms', sans-serif; font-size: 24px;\"><strong>Zapraszamy&#8230;<\/strong><\/span><\/p>\n<p style=\"text-align: center;\"><iframe loading=\"lazy\" src=\"\/\/www.youtube.com\/embed\/6QEg6gC7Pvc\" width=\"560\" height=\"314\" allowfullscreen=\"allowfullscreen\"><\/iframe><\/p>\n<p>&nbsp;<\/p>\n<p>&nbsp;<\/p>\n<p>&nbsp;<\/p>\n<p style=\"text-align: center;\"><span style=\"font-family: 'comic sans ms', sans-serif; font-size: 24px;\"><strong>Zach\u0119camy do czytania ba\u015bni swoim dzieciom!<\/strong><\/span><\/p>\n<\/div>\n","protected":false},"excerpt":{"rendered":"<p>&nbsp; Mi\u0119dzynarodowy Dzie\u0144 Ksi\u0105\u017cki dla Dzieci &nbsp; \u015awi\u0119to to obchodzone jest w rocznic\u0119 urodzin niezr\u00f3wnanego du\u0144skiego ba\u015bniopisarza \u00a0Hansa Christiana Andersena\u00a0\u00a0(1805-1875). &nbsp; Zorganizowali\u015bmy tego dnia niezwyk\u0142e spotkanie czytelnicze \u2013 \u201eRozpocznijmy kwiecie\u0144 z Andersenem\u201d. &nbsp; St\u0119skniona za swoimi uczniami Pani Jadwiga Florczak,\u00a0 Dyrektor Zespo\u0142u Szkolno-Przedszkolnego w Rojewie w towarzystwie wnuczki Bereniki, czyta bajki H.Ch.Andersena. Zapraszamy&#8230; &nbsp; &nbsp; &#8230;<\/p>\n","protected":false},"author":3,"featured_media":5012,"comment_status":"closed","ping_status":"closed","sticky":false,"template":"","format":"standard","meta":{"footnotes":""},"categories":[3,7,6,8],"tags":[],"class_list":{"0":"post-5010","1":"post","2":"type-post","3":"status-publish","4":"format-standard","5":"has-post-thumbnail","7":"category-aktualnosci","8":"category-filia-w-jezuickiej-strudze","9":"category-filia-w-rojewicach","10":"category-oddzial-dla-dzieci-w-rojewie","11":"anons"},"_links":{"self":[{"href":"https:\/\/gbp.rojewo.pl\/index.php?rest_route=\/wp\/v2\/posts\/5010","targetHints":{"allow":["GET"]}}],"collection":[{"href":"https:\/\/gbp.rojewo.pl\/index.php?rest_route=\/wp\/v2\/posts"}],"about":[{"href":"https:\/\/gbp.rojewo.pl\/index.php?rest_route=\/wp\/v2\/types\/post"}],"author":[{"embeddable":true,"href":"https:\/\/gbp.rojewo.pl\/index.php?rest_route=\/wp\/v2\/users\/3"}],"replies":[{"embeddable":true,"href":"https:\/\/gbp.rojewo.pl\/index.php?rest_route=%2Fwp%2Fv2%2Fcomments&post=5010"}],"version-history":[{"count":5,"href":"https:\/\/gbp.rojewo.pl\/index.php?rest_route=\/wp\/v2\/posts\/5010\/revisions"}],"predecessor-version":[{"id":5016,"href":"https:\/\/gbp.rojewo.pl\/index.php?rest_route=\/wp\/v2\/posts\/5010\/revisions\/5016"}],"wp:featuredmedia":[{"embeddable":true,"href":"https:\/\/gbp.rojewo.pl\/index.php?rest_route=\/wp\/v2\/media\/5012"}],"wp:attachment":[{"href":"https:\/\/gbp.rojewo.pl\/index.php?rest_route=%2Fwp%2Fv2%2Fmedia&parent=5010"}],"wp:term":[{"taxonomy":"category","embeddable":true,"href":"https:\/\/gbp.rojewo.pl\/index.php?rest_route=%2Fwp%2Fv2%2Fcategories&post=5010"},{"taxonomy":"post_tag","embeddable":true,"href":"https:\/\/gbp.rojewo.pl\/index.php?rest_route=%2Fwp%2Fv2%2Ftags&post=5010"}],"curies":[{"name":"wp","href":"https:\/\/api.w.org\/{rel}","templated":true}]}}