{"id":4981,"date":"2021-03-20T13:25:40","date_gmt":"2021-03-20T13:25:40","guid":{"rendered":"http:\/\/gbp.rojewo.pl\/?p=4981"},"modified":"2021-03-20T13:25:40","modified_gmt":"2021-03-20T13:25:40","slug":"film-pt-kujawska-wielkanoc","status":"publish","type":"post","link":"https:\/\/gbp.rojewo.pl\/?p=4981","title":{"rendered":"Film pt. &#8222;Kujawska Wielkanoc&#8221;"},"content":{"rendered":"<div class=\"entry\">\n<p><span style=\"font-size: 20px;\">\u00a0\u00a0\u00a0\u00a0\u00a0\u00a0\u00a0\u00a0\u00a0\u00a0\u00a0 \u00a0 \u00a0 \u00a0 \u00a0 Sytuacja z <img loading=\"lazy\" decoding=\"async\" class=\"size-medium wp-image-4996 alignleft\" src=\"http:\/\/gbp.rojewo.pl\/wp-content\/uploads\/2021\/03\/kujawska-wielkanoc-jajka-i-gryszpan-300x169.png\" alt=\"\" width=\"300\" height=\"169\" srcset=\"https:\/\/gbp.rojewo.pl\/wp-content\/uploads\/2021\/03\/kujawska-wielkanoc-jajka-i-gryszpan-300x169.png 300w, https:\/\/gbp.rojewo.pl\/wp-content\/uploads\/2021\/03\/kujawska-wielkanoc-jajka-i-gryszpan-1024x576.png 1024w, https:\/\/gbp.rojewo.pl\/wp-content\/uploads\/2021\/03\/kujawska-wielkanoc-jajka-i-gryszpan-768x432.png 768w, https:\/\/gbp.rojewo.pl\/wp-content\/uploads\/2021\/03\/kujawska-wielkanoc-jajka-i-gryszpan-1536x864.png 1536w, https:\/\/gbp.rojewo.pl\/wp-content\/uploads\/2021\/03\/kujawska-wielkanoc-jajka-i-gryszpan.png 1920w\" sizes=\"auto, (max-width: 300px) 100vw, 300px\" \/>jak\u0105 wszyscy zmierzamy si\u0119 od ponad roku sk\u0142ania nas do wyznaczania sobie nowych tor\u00f3w dzia\u0142ania.<\/span><\/p>\n<p><span style=\"font-size: 20px;\">\u00a0\u00a0\u00a0\u00a0\u00a0\u00a0\u00a0\u00a0\u00a0\u00a0\u00a0\u00a0\u00a0\u00a0\u00a0\u00a0\u00a0 Nie zawsze jest to \u0142atwe, bo ka\u017cda zmiana wymaga wysi\u0142ku. <\/span><\/p>\n<p>&nbsp;<\/p>\n<p><span style=\"font-size: 20px;\">\u00a0\u00a0\u00a0\u00a0\u00a0 Z tym wi\u0119ksz\u0105 rado\u015bci\u0105 i dum\u0105 prezentujemy Pa\u0144stwu film, kt\u00f3ry powsta\u0142 z potrzeby serca, potrzeby bycia blisko drugiego cz\u0142owieka, potrzeby dzielenia si\u0119 dobrem z innymi. <\/span><\/p>\n<p>&nbsp;<\/p>\n<p><span style=\"font-size: 20px;\">\u00a0\u00a0\u00a0\u00a0\u00a0\u00a0\u00a0\u00a0\u00a0\u00a0 Stajemy u progu wielkanocnych przygotowa\u0144. Nieprzychylny czas postawi\u0142 wyzwanie osobom, kt\u00f3re w ubieg\u0142ych latach swoj\u0105 prac\u0105 wzbogaca\u0142y wielkanocne kiermasze. <\/span><\/p>\n<p>&nbsp;<\/p>\n<p><span style=\"font-size: 20px;\">\u00a0\u00a0\u00a0\u00a0\u00a0\u00a0\u00a0\u00a0\u00a0\u00a0 Mo\u017cemy za\u0142o\u017cy\u0107, \u017ce je\u017celi \u015bwiata nie st\u0142umi\u0142aby pandemia, to w\u0142a\u015bnie w tym czasie nasze lokalne Stowarzyszenia, Tw\u00f3rcy Ludowi, Ko\u0142a Gospody\u0144 Wiejskich, Zespo\u0142y Wokalne mia\u0142yby czas wype\u0142niony przygotowaniami do \u015bwi\u0105t, spotkaniami, kiermaszami, gwarem, \u015bmiechem, rozmowami&#8230;.ale mo\u017cemy za\u0142o\u017cy\u0107 r\u00f3wnie\u017c, \u017ce kto ma serce otwarte ten umie si\u0119 nim dzieli\u0107. <\/span><\/p>\n<p><span style=\"font-size: 20px;\">\u00a0\u00a0\u00a0\u00a0\u00a0\u00a0\u00a0\u00a0\u00a0\u00a0\u00a0\u00a0\u00a0\u00a0\u00a0\u00a0 W naszej bibliotece powsta\u0142 film, kt\u00f3ry z za\u0142o\u017cenia jest znakiem czasu. Jest \u017ar\u00f3d\u0142em wiedzy o kujawskich tradycjach wielkanocnych, ale i pomostem pomi\u0119dzy pokoleniami. Jest symbolem tego co nas \u0142\u0105czy&#8230;<\/span><\/p>\n<p><span style=\"font-size: 20px;\">Dzi\u0119kujemy wszystkim, kt\u00f3rzy zaanga\u017cowali si\u0119 w powstanie filmu.<\/span><\/p>\n<p>&nbsp;<\/p>\n<p style=\"text-align: center;\"><span style=\"font-size: 28px; color: #00ccff;\">Zapraszamy do obejrzenia<\/span><\/p>\n<p style=\"text-align: center;\">\u00a0\u00a0 \u00a0 <iframe loading=\"lazy\" src=\"\/\/www.youtube.com\/embed\/8_MnGjuIUeQ\" width=\"560\" height=\"314\" allowfullscreen=\"allowfullscreen\"><\/iframe><\/p>\n<p>&nbsp;<\/p>\n<p>&nbsp;<\/p>\n<\/div>\n","protected":false},"excerpt":{"rendered":"<p>\u00a0\u00a0\u00a0\u00a0\u00a0\u00a0\u00a0\u00a0\u00a0\u00a0\u00a0 \u00a0 \u00a0 \u00a0 \u00a0 Sytuacja z jak\u0105 wszyscy zmierzamy si\u0119 od ponad roku sk\u0142ania nas do wyznaczania sobie nowych tor\u00f3w dzia\u0142ania. \u00a0\u00a0\u00a0\u00a0\u00a0\u00a0\u00a0\u00a0\u00a0\u00a0\u00a0\u00a0\u00a0\u00a0\u00a0\u00a0\u00a0 Nie zawsze jest to \u0142atwe, bo ka\u017cda zmiana wymaga wysi\u0142ku. &nbsp; \u00a0\u00a0\u00a0\u00a0\u00a0 Z tym wi\u0119ksz\u0105 rado\u015bci\u0105 i dum\u0105 prezentujemy Pa\u0144stwu film, kt\u00f3ry powsta\u0142 z potrzeby serca, potrzeby bycia blisko drugiego cz\u0142owieka, potrzeby &#8230;<\/p>\n","protected":false},"author":3,"featured_media":0,"comment_status":"closed","ping_status":"closed","sticky":false,"template":"","format":"standard","meta":{"footnotes":""},"categories":[3,7,6,8,12,9],"tags":[],"class_list":{"0":"post-4981","1":"post","2":"type-post","3":"status-publish","4":"format-standard","6":"category-aktualnosci","7":"category-filia-w-jezuickiej-strudze","8":"category-filia-w-rojewicach","9":"category-oddzial-dla-dzieci-w-rojewie","10":"category-regionalia","11":"category-wypozyczalnia-dla-doroslych-z-czytelnia","12":"anons"},"_links":{"self":[{"href":"https:\/\/gbp.rojewo.pl\/index.php?rest_route=\/wp\/v2\/posts\/4981","targetHints":{"allow":["GET"]}}],"collection":[{"href":"https:\/\/gbp.rojewo.pl\/index.php?rest_route=\/wp\/v2\/posts"}],"about":[{"href":"https:\/\/gbp.rojewo.pl\/index.php?rest_route=\/wp\/v2\/types\/post"}],"author":[{"embeddable":true,"href":"https:\/\/gbp.rojewo.pl\/index.php?rest_route=\/wp\/v2\/users\/3"}],"replies":[{"embeddable":true,"href":"https:\/\/gbp.rojewo.pl\/index.php?rest_route=%2Fwp%2Fv2%2Fcomments&post=4981"}],"version-history":[{"count":4,"href":"https:\/\/gbp.rojewo.pl\/index.php?rest_route=\/wp\/v2\/posts\/4981\/revisions"}],"predecessor-version":[{"id":5003,"href":"https:\/\/gbp.rojewo.pl\/index.php?rest_route=\/wp\/v2\/posts\/4981\/revisions\/5003"}],"wp:attachment":[{"href":"https:\/\/gbp.rojewo.pl\/index.php?rest_route=%2Fwp%2Fv2%2Fmedia&parent=4981"}],"wp:term":[{"taxonomy":"category","embeddable":true,"href":"https:\/\/gbp.rojewo.pl\/index.php?rest_route=%2Fwp%2Fv2%2Fcategories&post=4981"},{"taxonomy":"post_tag","embeddable":true,"href":"https:\/\/gbp.rojewo.pl\/index.php?rest_route=%2Fwp%2Fv2%2Ftags&post=4981"}],"curies":[{"name":"wp","href":"https:\/\/api.w.org\/{rel}","templated":true}]}}