{"id":4941,"date":"2021-02-27T11:58:36","date_gmt":"2021-02-27T11:58:36","guid":{"rendered":"http:\/\/gbp.rojewo.pl\/?p=4941"},"modified":"2021-02-27T11:58:36","modified_gmt":"2021-02-27T11:58:36","slug":"swiatowy-dzien-organizacji-pozarzadowych","status":"publish","type":"post","link":"https:\/\/gbp.rojewo.pl\/?p=4941","title":{"rendered":"\u015awiatowy Dzie\u0144 Organizacji Pozarz\u0105dowych"},"content":{"rendered":"<div class=\"entry\">\n<p style=\"text-align: center;\">\u00a0\u00a0\u00a0\u00a0<span style=\"font-size: 24px; color: #800080;\">\u00a0\u00a0\u00a0 Z okazji \u015awiatowego Dnia Organizacji Pozarz\u0105dowych<\/span><\/p>\n<p style=\"text-align: center;\"><span style=\"font-size: 24px; color: #800080;\"> Gminna Biblioteka Publiczna w Rojewie<\/span><\/p>\n<p style=\"text-align: center;\"><span style=\"font-size: 24px; color: #800080;\"> sk\u0142ada serdeczne \u017cyczenia wszystkim Stowarzyszeniom dzia\u0142aj\u0105cym na terenie Gminy Rojewo:<\/span><\/p>\n<p>&nbsp;<\/p>\n<p style=\"text-align: center;\"><em><span style=\"font-size: 24px; color: #800080;\">Stowarzyszeniu: Gminna Rada Kobiet,<\/span><\/em><\/p>\n<p>&nbsp;<\/p>\n<p style=\"text-align: center;\"><em><span style=\"font-size: 24px; color: #800080;\">Stowarzyszeniu na Rzecz Wspierania Aktywno\u015bci Spo\u0142ecznej wraz z zespo\u0142em &#8222;Nasze Kujawy&#8221;<\/span><\/em><\/p>\n<p>&nbsp;<\/p>\n<p style=\"text-align: center;\"><span style=\"font-size: 24px; color: #800080;\"><em>Stowarzyszeniu Mi\u0142<\/em>o\u015bnik\u00f3w Kultury Kujawskiej &#8222;Sami Swoi&#8221;.<\/span><\/p>\n<p>&nbsp;<\/p>\n<p style=\"text-align: center;\"><span style=\"font-size: 24px; color: #800080;\"> Dzi\u0119kuj\u0105c za udan\u0105 i owocn\u0105 wsp\u00f3\u0142prac\u0119 \u017cyczymy sukces\u00f3w w realizacji zamierzonych plan\u00f3w. <\/span><\/p>\n<p style=\"text-align: center;\"><span style=\"font-size: 24px; color: #800080;\">Satysfakcji z dzia\u0142alno\u015bci na rzecz drugiego cz\u0142owieka oraz wytrwa\u0142o\u015bci i si\u0142y w pokonywaniu trudno\u015bci.<\/span><\/p>\n<p>&nbsp;<\/p>\n<p>&nbsp;<\/p>\n<p>&nbsp;<\/p>\n<p style=\"text-align: center;\"><img loading=\"lazy\" decoding=\"async\" class=\"size-medium wp-image-4943 alignleft\" src=\"http:\/\/gbp.rojewo.pl\/wp-content\/uploads\/2021\/02\/intro-organizacje-1-300x200.jpg\" alt=\"\" width=\"300\" height=\"200\" srcset=\"https:\/\/gbp.rojewo.pl\/wp-content\/uploads\/2021\/02\/intro-organizacje-1-300x200.jpg 300w, https:\/\/gbp.rojewo.pl\/wp-content\/uploads\/2021\/02\/intro-organizacje-1-272x182.jpg 272w, https:\/\/gbp.rojewo.pl\/wp-content\/uploads\/2021\/02\/intro-organizacje-1.jpg 700w\" sizes=\"auto, (max-width: 300px) 100vw, 300px\" \/><b>\u015awiatowy Dzie\u0144 NGO<\/b> <i>(\u015awiatowy Dzie\u0144 Organizacji Pozarz\u0105dowych)<\/i> \u2013 mi\u0119dzynarodowy dzie\u0144 kalendarzowy obchodzony corocznie 27 lutego.<\/p>\n<p>Oficjalnie uznany i og\u0142oszony przez 12 pa\u0144stw cz\u0142onkowskich IX Forum Organizacji Pozarz\u0105dowych Morza Ba\u0142tyckiego Rady Pa\u0144stw Morza Ba\u0142tyckiego w 2010 r.<\/p>\n<p>i po raz pierwszy naznaczony przez ONZ, przyw\u00f3dc\u00f3w UE i organizacje mi\u0119dzynarodowe w 2014 r.<\/p>\n<p>\u015awiatowy Dzie\u0144 NGO, 27 lutego, zosta\u0142 ustanowiony przez brytyjsk\u0105 organizacj\u0119 humanitarn\u0105 <i>Marcis Liors Skadmanis<\/i>.<\/p>\n<p>\u015awiatowy Dzie\u0144 NGO zosta\u0142 oficjalnie uznany przez Forum Organizacji Pozarz\u0105dowych Morza Ba\u0142tyckiego Rady Pa\u0144stw Morza Ba\u0142tyckiego w dniu 17 kwietnia 2010 r. Pa\u0144stwami cz\u0142onkowskimi Ba\u0142tyckiego Forum NGO by\u0142y Bia\u0142oru\u015b, Dania, Estonia, Finlandia, Niemcy, Islandia, \u0141otwa, Litwa, Polska, Rosja, Norwegia i Szwecja<sup id=\"cite_ref-3\" class=\"reference\"><\/sup>.<\/p>\n<p>W dniu 27 lutego 2014 r. minister rozwoju mi\u0119dzynarodowego Pekka Haavisto, dyrektor wykonawczy Biura ONZ ds. Us\u0142ug projektowych (UNOPS) Jan Mattsson, europejski komisarz ds. Rozwoju Andris Piebalgs, sekretarz generalny Sekretariatu Rady Nordyckiej, Britt Bohlin, Asystent UNESCO Dyrektor Generalny Eric Falt i administrator Narod\u00f3w Zjednoczonych ds. Rozwoju (UNDP) Helen Clark, by\u0142a minister ds. Kobiet w Iranie Mahnaz Afkhami i przyw\u00f3dcy NGO, byli pierwszymi uczestnikami \u015awiatowego Dnia NGO w Helsinkach w Finlandi.<\/p>\n<p>\u015awiatowy Dzie\u0144 NGO ma na celu zainspirowanie ludzi do aktywniejszego zaanga\u017cowania si\u0119 w organizacje pozarz\u0105dowe i zach\u0119canie do wi\u0119kszej symbiozy mi\u0119dzy organizacjami pozarz\u0105dowymi oraz sektorem publicznym i prywatnym. Uniwersaln\u0105 koncepcj\u0105 \u015awiatowego Dnia NGO jest \u015bwi\u0119towanie, upami\u0119tnienie i wsp\u00f3\u0142praca r\u00f3\u017cnych organizacji pozarz\u0105dowych na ca\u0142ym \u015bwiecie oraz os\u00f3b stoj\u0105cych za nim.<\/p>\n<p>\u015awiatowy Dzie\u0144 NGO to dzie\u0144 dla organizacji pozarz\u0105dowych na ca\u0142ym \u015bwiecie, podczas kt\u00f3rego mog\u0105 dzieli\u0107 si\u0119 wiedz\u0105 i do\u015bwiadczeniami. Ma na celu edukowanie os\u00f3b z ca\u0142ego \u015bwiata na temat organizacji pozarz\u0105dowych i ich wp\u0142ywu. \u015awiatowy Dzie\u0144 NGO daje okazj\u0119 do uczczenia i zapami\u0119tania za\u0142o\u017cycieli organizacji pozarz\u0105dowych, jak r\u00f3wnie\u017c ich pracownik\u00f3w, wolontariuszy, cz\u0142onk\u00f3w i sympatyk\u00f3w<sup id=\"cite_ref-8\" class=\"reference\"><\/sup>.<\/p>\n<p><em><span style=\"font-size: 12px;\">\u0179r\u00f3d\u0142o: Zasoby internetowe<\/span><\/em><\/p>\n<p>&nbsp;<\/p>\n<\/div>\n","protected":false},"excerpt":{"rendered":"<p>\u00a0\u00a0\u00a0\u00a0\u00a0\u00a0\u00a0 Z okazji \u015awiatowego Dnia Organizacji Pozarz\u0105dowych Gminna Biblioteka Publiczna w Rojewie sk\u0142ada serdeczne \u017cyczenia wszystkim Stowarzyszeniom dzia\u0142aj\u0105cym na terenie Gminy Rojewo: &nbsp; Stowarzyszeniu: Gminna Rada Kobiet, &nbsp; Stowarzyszeniu na Rzecz Wspierania Aktywno\u015bci Spo\u0142ecznej wraz z zespo\u0142em &#8222;Nasze Kujawy&#8221; &nbsp; Stowarzyszeniu Mi\u0142o\u015bnik\u00f3w Kultury Kujawskiej &#8222;Sami Swoi&#8221;. &nbsp; Dzi\u0119kuj\u0105c za udan\u0105 i owocn\u0105 wsp\u00f3\u0142prac\u0119 \u017cyczymy sukces\u00f3w &#8230;<\/p>\n","protected":false},"author":3,"featured_media":4942,"comment_status":"closed","ping_status":"closed","sticky":false,"template":"","format":"standard","meta":{"footnotes":""},"categories":[3,7,6,8,9],"tags":[],"class_list":{"0":"post-4941","1":"post","2":"type-post","3":"status-publish","4":"format-standard","5":"has-post-thumbnail","7":"category-aktualnosci","8":"category-filia-w-jezuickiej-strudze","9":"category-filia-w-rojewicach","10":"category-oddzial-dla-dzieci-w-rojewie","11":"category-wypozyczalnia-dla-doroslych-z-czytelnia","12":"anons"},"_links":{"self":[{"href":"https:\/\/gbp.rojewo.pl\/index.php?rest_route=\/wp\/v2\/posts\/4941","targetHints":{"allow":["GET"]}}],"collection":[{"href":"https:\/\/gbp.rojewo.pl\/index.php?rest_route=\/wp\/v2\/posts"}],"about":[{"href":"https:\/\/gbp.rojewo.pl\/index.php?rest_route=\/wp\/v2\/types\/post"}],"author":[{"embeddable":true,"href":"https:\/\/gbp.rojewo.pl\/index.php?rest_route=\/wp\/v2\/users\/3"}],"replies":[{"embeddable":true,"href":"https:\/\/gbp.rojewo.pl\/index.php?rest_route=%2Fwp%2Fv2%2Fcomments&post=4941"}],"version-history":[{"count":4,"href":"https:\/\/gbp.rojewo.pl\/index.php?rest_route=\/wp\/v2\/posts\/4941\/revisions"}],"predecessor-version":[{"id":4949,"href":"https:\/\/gbp.rojewo.pl\/index.php?rest_route=\/wp\/v2\/posts\/4941\/revisions\/4949"}],"wp:featuredmedia":[{"embeddable":true,"href":"https:\/\/gbp.rojewo.pl\/index.php?rest_route=\/wp\/v2\/media\/4942"}],"wp:attachment":[{"href":"https:\/\/gbp.rojewo.pl\/index.php?rest_route=%2Fwp%2Fv2%2Fmedia&parent=4941"}],"wp:term":[{"taxonomy":"category","embeddable":true,"href":"https:\/\/gbp.rojewo.pl\/index.php?rest_route=%2Fwp%2Fv2%2Fcategories&post=4941"},{"taxonomy":"post_tag","embeddable":true,"href":"https:\/\/gbp.rojewo.pl\/index.php?rest_route=%2Fwp%2Fv2%2Ftags&post=4941"}],"curies":[{"name":"wp","href":"https:\/\/api.w.org\/{rel}","templated":true}]}}