{"id":2827,"date":"2019-03-29T22:32:53","date_gmt":"2019-03-29T22:32:53","guid":{"rendered":"http:\/\/gbp.rojewo.pl\/?p=2827"},"modified":"2019-05-31T22:53:38","modified_gmt":"2019-05-31T22:53:38","slug":"maly-artysta-wielkanocne-stroiki","status":"publish","type":"post","link":"https:\/\/gbp.rojewo.pl\/?p=2827","title":{"rendered":"Ma\u0142y artysta &#8211; wielkanocne stroiki"},"content":{"rendered":"<div class=\"entry\">\n<p>Zbli\u017caj\u0105ce si\u0119 \u015bwi\u0119ta wielkanocne by\u0142y inspiracj\u0105 do przygotowania na t\u0119 okazj\u0119 specjalnych stroik\u00f3w. Przyk\u0142adowe wzory uczestnicy wyszukali w ksi\u0119gozbiorze podr\u0119cznym biblioteki. Za podstaw\u0119 stroika pos\u0142u\u017cy\u0142y naturalnie zabarwione, \u015bwie\u017ce ga\u0142\u0105zki wierzby. Dalszy etap prac polega\u0142 na przyozdabianiu ga\u0142\u0105zek wed\u0142ug indywidualnych pomys\u0142\u00f3w dzieci. Tak oryginalne przygotowane ozdoby b\u0119d\u0105 przystraja\u0142y okna lub sto\u0142y wielkanocne.<\/p>\n<p>&nbsp;<\/p>\n<p>&nbsp;<\/p>\n<\/div>\n","protected":false},"excerpt":{"rendered":"<p>Zbli\u017caj\u0105ce si\u0119 \u015bwi\u0119ta wielkanocne by\u0142y inspiracj\u0105 do przygotowania na t\u0119 okazj\u0119 specjalnych stroik\u00f3w. Przyk\u0142adowe wzory uczestnicy wyszukali w ksi\u0119gozbiorze podr\u0119cznym biblioteki. Za podstaw\u0119 stroika pos\u0142u\u017cy\u0142y naturalnie zabarwione, \u015bwie\u017ce ga\u0142\u0105zki wierzby. Dalszy etap prac polega\u0142 na przyozdabianiu ga\u0142\u0105zek wed\u0142ug indywidualnych pomys\u0142\u00f3w dzieci. Tak oryginalne przygotowane ozdoby b\u0119d\u0105 przystraja\u0142y okna lub sto\u0142y wielkanocne. &nbsp; &nbsp;<\/p>\n","protected":false},"author":2,"featured_media":2830,"comment_status":"closed","ping_status":"closed","sticky":false,"template":"","format":"standard","meta":{"footnotes":""},"categories":[3,8],"tags":[],"class_list":{"0":"post-2827","1":"post","2":"type-post","3":"status-publish","4":"format-standard","5":"has-post-thumbnail","7":"category-aktualnosci","8":"category-oddzial-dla-dzieci-w-rojewie","9":"anons"},"_links":{"self":[{"href":"https:\/\/gbp.rojewo.pl\/index.php?rest_route=\/wp\/v2\/posts\/2827","targetHints":{"allow":["GET"]}}],"collection":[{"href":"https:\/\/gbp.rojewo.pl\/index.php?rest_route=\/wp\/v2\/posts"}],"about":[{"href":"https:\/\/gbp.rojewo.pl\/index.php?rest_route=\/wp\/v2\/types\/post"}],"author":[{"embeddable":true,"href":"https:\/\/gbp.rojewo.pl\/index.php?rest_route=\/wp\/v2\/users\/2"}],"replies":[{"embeddable":true,"href":"https:\/\/gbp.rojewo.pl\/index.php?rest_route=%2Fwp%2Fv2%2Fcomments&post=2827"}],"version-history":[{"count":3,"href":"https:\/\/gbp.rojewo.pl\/index.php?rest_route=\/wp\/v2\/posts\/2827\/revisions"}],"predecessor-version":[{"id":2831,"href":"https:\/\/gbp.rojewo.pl\/index.php?rest_route=\/wp\/v2\/posts\/2827\/revisions\/2831"}],"wp:featuredmedia":[{"embeddable":true,"href":"https:\/\/gbp.rojewo.pl\/index.php?rest_route=\/wp\/v2\/media\/2830"}],"wp:attachment":[{"href":"https:\/\/gbp.rojewo.pl\/index.php?rest_route=%2Fwp%2Fv2%2Fmedia&parent=2827"}],"wp:term":[{"taxonomy":"category","embeddable":true,"href":"https:\/\/gbp.rojewo.pl\/index.php?rest_route=%2Fwp%2Fv2%2Fcategories&post=2827"},{"taxonomy":"post_tag","embeddable":true,"href":"https:\/\/gbp.rojewo.pl\/index.php?rest_route=%2Fwp%2Fv2%2Ftags&post=2827"}],"curies":[{"name":"wp","href":"https:\/\/api.w.org\/{rel}","templated":true}]}}