{"id":9209,"date":"2025-05-09T09:55:56","date_gmt":"2025-05-09T09:55:56","guid":{"rendered":"http:\/\/gbp.rojewo.pl\/?p=9209"},"modified":"2025-05-09T09:55:56","modified_gmt":"2025-05-09T09:55:56","slug":"9209","status":"publish","type":"post","link":"http:\/\/gbp.rojewo.pl\/?p=9209","title":{"rendered":""},"content":{"rendered":"<div class=\"entry\">\n<p><strong>Wizyta klasy czwartej w bibliotece w ramach Tygodnia Bibliotek<\/strong><\/p>\n<p>W ramach obchod\u00f3w <strong>Tygodnia Bibliotek<\/strong> nasz\u0105 Fili\u0119 biblioteczn\u0105 w Rojewicach odwiedzi\u0142y dzieci z klasy czwartej Szko\u0142y Podstawowej w Rojewicach wraz z wychowawc\u0105. Spotkanie mia\u0142o charakter tw\u00f3rczy i przebiega\u0142o w ciep\u0142ej, radosnej atmosferze.<\/p>\n<p>Uczniowie wzi\u0119li udzia\u0142 w warsztatach plastycznych, podczas kt\u00f3rych ozdabiali materia\u0142owe torebki, kt\u00f3re zyska\u0142y nowe, kolorowe oblicze i z pewno\u015bci\u0105 pos\u0142u\u017c\u0105 jako oryginalne opakowania na ksi\u0105\u017cki lub inne skarby.<\/p>\n<p>Na zako\u0144czenie chcia\u0142abym wyrazi\u0107 ogromn\u0105 wdzi\u0119czno\u015b\u0107 za pi\u0119kne kartki przygotowane z okazji<strong> Dnia Bibliotekarza<\/strong> \u2013 ka\u017cde s\u0142owo i rysunek sprawi\u0142y mi wiele rado\u015bci.<\/p>\n<p>Cieszymy si\u0119 z tego wsp\u00f3lnego czasu i ju\u017c teraz z niecierpliwo\u015bci\u0105 czekamy na kolejne inspiruj\u0105ce spotkania w bibliotece!<\/p>\n<p><img loading=\"lazy\" decoding=\"async\" class=\"alignnone size-medium wp-image-9210\" src=\"http:\/\/gbp.rojewo.pl\/wp-content\/uploads\/2025\/05\/PHOTO-2025-05-09-11-03-11-300x225.jpg\" alt=\"\" width=\"300\" height=\"225\" srcset=\"http:\/\/gbp.rojewo.pl\/wp-content\/uploads\/2025\/05\/PHOTO-2025-05-09-11-03-11-300x225.jpg 300w, http:\/\/gbp.rojewo.pl\/wp-content\/uploads\/2025\/05\/PHOTO-2025-05-09-11-03-11-1024x768.jpg 1024w, http:\/\/gbp.rojewo.pl\/wp-content\/uploads\/2025\/05\/PHOTO-2025-05-09-11-03-11-768x576.jpg 768w, http:\/\/gbp.rojewo.pl\/wp-content\/uploads\/2025\/05\/PHOTO-2025-05-09-11-03-11-1536x1152.jpg 1536w, http:\/\/gbp.rojewo.pl\/wp-content\/uploads\/2025\/05\/PHOTO-2025-05-09-11-03-11.jpg 1600w\" sizes=\"auto, (max-width: 300px) 100vw, 300px\" \/> <img loading=\"lazy\" decoding=\"async\" class=\"alignnone size-medium wp-image-9211\" src=\"http:\/\/gbp.rojewo.pl\/wp-content\/uploads\/2025\/05\/img_20250509_112452-225x300.jpg\" alt=\"\" width=\"225\" height=\"300\" srcset=\"http:\/\/gbp.rojewo.pl\/wp-content\/uploads\/2025\/05\/img_20250509_112452-225x300.jpg 225w, http:\/\/gbp.rojewo.pl\/wp-content\/uploads\/2025\/05\/img_20250509_112452-768x1024.jpg 768w, http:\/\/gbp.rojewo.pl\/wp-content\/uploads\/2025\/05\/img_20250509_112452-1152x1536.jpg 1152w, http:\/\/gbp.rojewo.pl\/wp-content\/uploads\/2025\/05\/img_20250509_112452-1536x2048.jpg 1536w, http:\/\/gbp.rojewo.pl\/wp-content\/uploads\/2025\/05\/img_20250509_112452-scaled.jpg 1920w\" sizes=\"auto, (max-width: 225px) 100vw, 225px\" \/><\/p>\n<\/div>\n","protected":false},"excerpt":{"rendered":"<p>Wizyta klasy czwartej w bibliotece w ramach Tygodnia Bibliotek W ramach obchod\u00f3w Tygodnia Bibliotek nasz\u0105 Fili\u0119 biblioteczn\u0105 w Rojewicach odwiedzi\u0142y dzieci z klasy czwartej Szko\u0142y Podstawowej w Rojewicach wraz z wychowawc\u0105. Spotkanie mia\u0142o charakter tw\u00f3rczy i przebiega\u0142o w ciep\u0142ej, radosnej atmosferze. Uczniowie wzi\u0119li udzia\u0142 w warsztatach plastycznych, podczas kt\u00f3rych ozdabiali materia\u0142owe torebki, kt\u00f3re zyska\u0142y nowe, &#8230;<\/p>\n","protected":false},"author":3,"featured_media":9211,"comment_status":"closed","ping_status":"closed","sticky":false,"template":"","format":"standard","meta":{"footnotes":""},"categories":[3,6],"tags":[],"class_list":{"0":"post-9209","1":"post","2":"type-post","3":"status-publish","4":"format-standard","5":"has-post-thumbnail","7":"category-aktualnosci","8":"category-filia-w-rojewicach","9":"anons"},"_links":{"self":[{"href":"http:\/\/gbp.rojewo.pl\/index.php?rest_route=\/wp\/v2\/posts\/9209","targetHints":{"allow":["GET"]}}],"collection":[{"href":"http:\/\/gbp.rojewo.pl\/index.php?rest_route=\/wp\/v2\/posts"}],"about":[{"href":"http:\/\/gbp.rojewo.pl\/index.php?rest_route=\/wp\/v2\/types\/post"}],"author":[{"embeddable":true,"href":"http:\/\/gbp.rojewo.pl\/index.php?rest_route=\/wp\/v2\/users\/3"}],"replies":[{"embeddable":true,"href":"http:\/\/gbp.rojewo.pl\/index.php?rest_route=%2Fwp%2Fv2%2Fcomments&post=9209"}],"version-history":[{"count":1,"href":"http:\/\/gbp.rojewo.pl\/index.php?rest_route=\/wp\/v2\/posts\/9209\/revisions"}],"predecessor-version":[{"id":9212,"href":"http:\/\/gbp.rojewo.pl\/index.php?rest_route=\/wp\/v2\/posts\/9209\/revisions\/9212"}],"wp:featuredmedia":[{"embeddable":true,"href":"http:\/\/gbp.rojewo.pl\/index.php?rest_route=\/wp\/v2\/media\/9211"}],"wp:attachment":[{"href":"http:\/\/gbp.rojewo.pl\/index.php?rest_route=%2Fwp%2Fv2%2Fmedia&parent=9209"}],"wp:term":[{"taxonomy":"category","embeddable":true,"href":"http:\/\/gbp.rojewo.pl\/index.php?rest_route=%2Fwp%2Fv2%2Fcategories&post=9209"},{"taxonomy":"post_tag","embeddable":true,"href":"http:\/\/gbp.rojewo.pl\/index.php?rest_route=%2Fwp%2Fv2%2Ftags&post=9209"}],"curies":[{"name":"wp","href":"https:\/\/api.w.org\/{rel}","templated":true}]}}