{"id":4425,"date":"2021-01-15T11:47:36","date_gmt":"2021-01-15T11:47:36","guid":{"rendered":"http:\/\/gbp.rojewo.pl\/?p=4425"},"modified":"2021-01-15T11:47:36","modified_gmt":"2021-01-15T11:47:36","slug":"uskrzydleni-pasja-nasze-kujawy","status":"publish","type":"post","link":"http:\/\/gbp.rojewo.pl\/?p=4425","title":{"rendered":"Uskrzydleni Pasj\u0105- Nasze Kujawy"},"content":{"rendered":"<div class=\"entry\">\n<div dir=\"auto\" style=\"text-align: center;\"><em><span style=\"font-family: times new roman, times, serif; font-size: 24px;\">Za czas\u00f3w staro\u017cytnych muzyka i poezja by\u0142y nieroz\u0142\u0105czne. <\/span><\/em><\/div>\n<div dir=\"auto\" style=\"text-align: center;\"><em><span style=\"font-family: times new roman, times, serif; font-size: 24px;\">Muzy greckie wyobra\u017cano z instrumentami w d\u0142oniach: Erato, od poezji mi\u0142osnej \u2013 z kitar\u0105; Euterpe, od poezji lirycznej \u2013 z aulosem i tylko g\u0142\u0119boko zamy\u015blon\u0105 Polihymni\u0119, od pie\u015bni i poezji ch\u00f3ralnej, przedstawiano bez atrybutu. <\/span><\/em><\/div>\n<div dir=\"auto\" style=\"text-align: center;\"><em><span style=\"font-family: times new roman, times, serif; font-size: 24px;\">Dzi\u015b zwi\u0105zki obu tych dziedzin sztuki nie zawsze s\u0105 tak \u015bcis\u0142e, cho\u0107 wzajemne inspiracje s\u0105 nadal\u00a0 widoczne.<\/span><\/em><\/div>\n<div dir=\"auto\"><\/div>\n<div dir=\"auto\"><\/div>\n<div dir=\"auto\"><img loading=\"lazy\" decoding=\"async\" class=\"alignnone size-medium wp-image-4408 aligncenter\" src=\"http:\/\/gbp.rojewo.pl\/wp-content\/uploads\/2021\/01\/unnamed-300x86.png\" alt=\"\" width=\"300\" height=\"86\" srcset=\"http:\/\/gbp.rojewo.pl\/wp-content\/uploads\/2021\/01\/unnamed-300x86.png 300w, http:\/\/gbp.rojewo.pl\/wp-content\/uploads\/2021\/01\/unnamed.png 512w\" sizes=\"auto, (max-width: 300px) 100vw, 300px\" \/><\/div>\n<div dir=\"auto\"><\/div>\n<div dir=\"auto\" style=\"text-align: center;\"><span style=\"font-family: times new roman, times, serif; font-size: 24px;\">\u0141\u0105cz\u0105c s\u0142owo pisane i muzyk\u0119 przedstawiamy Pa\u0144stwu zesp\u00f3\u0142 muzyczny &#8222;Nasze Kujawy&#8221;. <\/span><\/div>\n<div dir=\"auto\" style=\"text-align: center;\"><span style=\"font-family: times new roman, times, serif; font-size: 24px;\">Jest on integraln\u0105 cz\u0119\u015bci\u0105 Stowarzyszenia na Rzecz Wspierania Aktywno\u015bci Spo\u0142ecznej.<\/span><\/div>\n<div dir=\"auto\" style=\"text-align: center;\"><\/div>\n<div dir=\"auto\" style=\"text-align: center;\"><span style=\"font-family: times new roman, times, serif; font-size: 24px;\">Przy tym samym Stowarzyszeniu dzia\u0142a jeszcze jeden zesp\u00f3\u0142 o zach\u0119caj\u0105cej nazwie ,,Ale Babki&#8221;. Zespo\u0142y prowadzone s\u0105 pod muzycznym kierownictwem Pani Jolanty Albi\u0144skiej. <\/span><\/div>\n<div dir=\"auto\" style=\"text-align: center;\"><span style=\"font-family: times new roman, times, serif; font-size: 24px;\">Przedstawiamy po raz pierwszy, ale nie ostatni. Zapraszamy do wys\u0142uchania \ud83d\ude42<\/span><\/div>\n<div dir=\"auto\" style=\"text-align: center;\"><\/div>\n<div dir=\"auto\" style=\"text-align: center;\"><iframe loading=\"lazy\" src=\"\/\/www.youtube.com\/embed\/0PVMdRVXESg\" width=\"560\" height=\"314\" allowfullscreen=\"allowfullscreen\"><\/iframe><\/div>\n<div dir=\"auto\"><\/div>\n<\/div>\n","protected":false},"excerpt":{"rendered":"<p>Za czas\u00f3w staro\u017cytnych muzyka i poezja by\u0142y nieroz\u0142\u0105czne. Muzy greckie wyobra\u017cano z instrumentami w d\u0142oniach: Erato, od poezji mi\u0142osnej \u2013 z kitar\u0105; Euterpe, od poezji lirycznej \u2013 z aulosem i tylko g\u0142\u0119boko zamy\u015blon\u0105 Polihymni\u0119, od pie\u015bni i poezji ch\u00f3ralnej, przedstawiano bez atrybutu. Dzi\u015b zwi\u0105zki obu tych dziedzin sztuki nie zawsze s\u0105 tak \u015bcis\u0142e, cho\u0107 wzajemne &#8230;<\/p>\n","protected":false},"author":3,"featured_media":4427,"comment_status":"closed","ping_status":"closed","sticky":false,"template":"","format":"standard","meta":{"footnotes":""},"categories":[3,11,9],"tags":[],"class_list":{"0":"post-4425","1":"post","2":"type-post","3":"status-publish","4":"format-standard","5":"has-post-thumbnail","7":"category-aktualnosci","8":"category-wirtualny-salonik-tworczosci-lokalnej","9":"category-wypozyczalnia-dla-doroslych-z-czytelnia","10":"anons"},"_links":{"self":[{"href":"http:\/\/gbp.rojewo.pl\/index.php?rest_route=\/wp\/v2\/posts\/4425","targetHints":{"allow":["GET"]}}],"collection":[{"href":"http:\/\/gbp.rojewo.pl\/index.php?rest_route=\/wp\/v2\/posts"}],"about":[{"href":"http:\/\/gbp.rojewo.pl\/index.php?rest_route=\/wp\/v2\/types\/post"}],"author":[{"embeddable":true,"href":"http:\/\/gbp.rojewo.pl\/index.php?rest_route=\/wp\/v2\/users\/3"}],"replies":[{"embeddable":true,"href":"http:\/\/gbp.rojewo.pl\/index.php?rest_route=%2Fwp%2Fv2%2Fcomments&post=4425"}],"version-history":[{"count":3,"href":"http:\/\/gbp.rojewo.pl\/index.php?rest_route=\/wp\/v2\/posts\/4425\/revisions"}],"predecessor-version":[{"id":4429,"href":"http:\/\/gbp.rojewo.pl\/index.php?rest_route=\/wp\/v2\/posts\/4425\/revisions\/4429"}],"wp:featuredmedia":[{"embeddable":true,"href":"http:\/\/gbp.rojewo.pl\/index.php?rest_route=\/wp\/v2\/media\/4427"}],"wp:attachment":[{"href":"http:\/\/gbp.rojewo.pl\/index.php?rest_route=%2Fwp%2Fv2%2Fmedia&parent=4425"}],"wp:term":[{"taxonomy":"category","embeddable":true,"href":"http:\/\/gbp.rojewo.pl\/index.php?rest_route=%2Fwp%2Fv2%2Fcategories&post=4425"},{"taxonomy":"post_tag","embeddable":true,"href":"http:\/\/gbp.rojewo.pl\/index.php?rest_route=%2Fwp%2Fv2%2Ftags&post=4425"}],"curies":[{"name":"wp","href":"https:\/\/api.w.org\/{rel}","templated":true}]}}